{"id":149,"date":"2020-08-15T18:50:18","date_gmt":"2020-08-15T18:50:18","guid":{"rendered":"https:\/\/danfer.es\/?p=149"},"modified":"2020-08-15T18:57:43","modified_gmt":"2020-08-15T18:57:43","slug":"aaaaaa","status":"publish","type":"post","link":"https:\/\/danfer.es\/?p=149","title":{"rendered":"Aaaaaa"},"content":{"rendered":"<p>[et_pb_section fb_built=\u00bb1&#8243; _builder_version=\u00bb4.5.6&#8243; _module_preset=\u00bbdefault\u00bb custom_padding=\u00bb8px||8px|||\u00bb min_height=\u00bb720px\u00bb][et_pb_row _builder_version=\u00bb4.5.6&#8243; _module_preset=\u00bbdefault\u00bb custom_padding=\u00bb15px|||||\u00bb][et_pb_column type=\u00bb4_4&#8243; _builder_version=\u00bb4.5.6&#8243; _module_preset=\u00bbdefault\u00bb][et_pb_text _builder_version=\u00bb4.5.6&#8243; _module_preset=\u00bbdefault\u00bb]<\/p>\n<p style=\"margin: 0cm; margin-bottom: .0001pt; background: white; vertical-align: baseline;\"><span style=\"font-size: 11.5pt; font-family: 'Open Sans','sans-serif'; color: #666666;\">Dicen que en las crisis aparecen nuevas oportunidades, a mi me ha servido para darme el empuj\u00f3n que necesitaba para tener mi propio blog; que espero que no sea s\u00f3lo m\u00edo sino que sea un espacio abierto\u00a0 de encuentro y colaboraci\u00f3n con otros compa\u00f1eros ,donde plasmemos nuestras inquietudes y experiencias.<o:p><\/o:p><\/span><\/p>\n<p style=\"margin: 0cm; margin-bottom: .0001pt; background: white; vertical-align: baseline; box-sizing: border-box; outline: 0px; text-size-adjust: 100%; font-variant-ligatures: normal; font-variant-caps: normal; orphans: 2; widows: 2; -webkit-text-stroke-width: 0px; text-decoration-style: initial; text-decoration-color: initial; word-spacing: 0px;\"><span style=\"font-size: 11.5pt; font-family: 'Open Sans','sans-serif'; color: #666666;\">Este espacio estar\u00e1 abierto a todo aquel que quiera colaborar y ofrecer sus conocimientos y experiencias a otros compa\u00f1eros, cabran todo tipo de conocimientos y disciplinas; humanidades, tecnolog\u00eda\u2026.En este a\u00f1o complicado que se nos presenta es importate que estemos unidos y colaboremos.<o:p><\/o:p><\/span><\/p>\n<p style=\"margin: 0cm; margin-bottom: .0001pt; background: white; vertical-align: baseline; box-sizing: border-box; outline: 0px; text-size-adjust: 100%; font-variant-ligatures: normal; font-variant-caps: normal; orphans: 2; widows: 2; -webkit-text-stroke-width: 0px; text-decoration-style: initial; text-decoration-color: initial; word-spacing: 0px;\"><span style=\"font-size: 11.5pt; font-family: 'Open Sans','sans-serif'; color: #666666;\">Un abrazo a todos los maestros.<o:p><\/o:p><\/span><\/p>\n<p>[\/et_pb_text][\/et_pb_column][\/et_pb_row][et_pb_row column_structure=\u00bb3_5,2_5&#8243; _builder_version=\u00bb4.5.6&#8243; _module_preset=\u00bbdefault\u00bb][et_pb_column type=\u00bb3_5&#8243; _builder_version=\u00bb4.5.6&#8243; _module_preset=\u00bbdefault\u00bb][et_pb_image src=\u00bbhttps:\/\/danfer.es\/wp-content\/uploads\/2020\/08\/produce-22.jpg\u00bb title_text=\u00bbproduce-22&#8243; _builder_version=\u00bb4.5.6&#8243; _module_preset=\u00bbdefault\u00bb border_radii=\u00bbon|50px|50px|50px|50px\u00bb box_shadow_style=\u00bbpreset2&#8243;][\/et_pb_image][\/et_pb_column][et_pb_column type=\u00bb2_5&#8243; _builder_version=\u00bb4.5.6&#8243; _module_preset=\u00bbdefault\u00bb][et_pb_text _builder_version=\u00bb4.5.6&#8243; _module_preset=\u00bbdefault\u00bb]<\/p>\n<p>Your content goes here. Edit or remove this text inline or in the module Content settings. You can also style every aspect of this content in the module Design settings and even apply custom CSS to this text in the module Advanced settings.<\/p>\n<p>[\/et_pb_text][\/et_pb_column][\/et_pb_row][\/et_pb_section]<\/p>\n","protected":false},"excerpt":{"rendered":"<p>[et_pb_section fb_built=\u00bb1&#8243; _builder_version=\u00bb4.5.6&#8243; _module_preset=\u00bbdefault\u00bb custom_padding=\u00bb8px||8px|||\u00bb min_height=\u00bb720px\u00bb][et_pb_row _builder_version=\u00bb4.5.6&#8243; _module_preset=\u00bbdefault\u00bb custom_padding=\u00bb15px|||||\u00bb][et_pb_column type=\u00bb4_4&#8243; _builder_version=\u00bb4.5.6&#8243; _module_preset=\u00bbdefault\u00bb][et_pb_text _builder_version=\u00bb4.5.6&#8243; _module_preset=\u00bbdefault\u00bb] Dicen que en las crisis aparecen nuevas oportunidades, a mi me ha servido para darme el empuj\u00f3n que necesitaba para tener mi propio blog; que espero que no sea s\u00f3lo m\u00edo sino que sea un espacio abierto\u00a0 de encuentro y colaboraci\u00f3n [&hellip;]<\/p>\n","protected":false},"author":1,"featured_media":67,"comment_status":"open","ping_status":"closed","sticky":false,"template":"","format":"standard","meta":{"_et_pb_use_builder":"on","_et_pb_old_content":"","_et_gb_content_width":"","footnotes":""},"categories":[7],"tags":[],"class_list":["post-149","post","type-post","status-publish","format-standard","has-post-thumbnail","hentry","category-general","et-has-post-format-content","et_post_format-et-post-format-standard"],"yoast_head":"<!-- This site is optimized with the Yoast SEO plugin v24.5 - https:\/\/yoast.com\/wordpress\/plugins\/seo\/ -->\n<title>Aaaaaa - Danfer.Escuela Digital<\/title>\n<meta name=\"robots\" content=\"noindex, follow, max-snippet:-1, max-image-preview:large, max-video-preview:-1\" \/>\n<meta property=\"og:locale\" content=\"es_ES\" \/>\n<meta property=\"og:type\" content=\"article\" \/>\n<meta property=\"og:title\" content=\"Aaaaaa - Danfer.Escuela Digital\" \/>\n<meta property=\"og:description\" content=\"[et_pb_section fb_built=\u00bb1&#8243; _builder_version=\u00bb4.5.6&#8243; _module_preset=\u00bbdefault\u00bb custom_padding=\u00bb8px||8px|||\u00bb min_height=\u00bb720px\u00bb][et_pb_row _builder_version=\u00bb4.5.6&#8243; _module_preset=\u00bbdefault\u00bb custom_padding=\u00bb15px|||||\u00bb][et_pb_column type=\u00bb4_4&#8243; _builder_version=\u00bb4.5.6&#8243; _module_preset=\u00bbdefault\u00bb][et_pb_text _builder_version=\u00bb4.5.6&#8243; _module_preset=\u00bbdefault\u00bb] Dicen que en las crisis aparecen nuevas oportunidades, a mi me ha servido para darme el empuj\u00f3n que necesitaba para tener mi propio blog; que espero que no sea s\u00f3lo m\u00edo sino que sea un espacio abierto\u00a0 de encuentro y colaboraci\u00f3n [&hellip;]\" \/>\n<meta property=\"og:url\" content=\"https:\/\/danfer.es\/?p=149\" \/>\n<meta property=\"og:site_name\" content=\"Danfer.Escuela Digital\" \/>\n<meta property=\"article:published_time\" content=\"2020-08-15T18:50:18+00:00\" \/>\n<meta property=\"article:modified_time\" content=\"2020-08-15T18:57:43+00:00\" \/>\n<meta property=\"og:image\" content=\"https:\/\/danfer.es\/wp-content\/uploads\/2020\/08\/esculaCovid-scaled.jpg\" \/>\n\t<meta property=\"og:image:width\" content=\"2560\" \/>\n\t<meta property=\"og:image:height\" content=\"1920\" \/>\n\t<meta property=\"og:image:type\" content=\"image\/jpeg\" \/>\n<meta name=\"author\" content=\"jesusalcocer\" \/>\n<meta name=\"twitter:card\" content=\"summary_large_image\" \/>\n<meta name=\"twitter:label1\" content=\"Escrito por\" \/>\n\t<meta name=\"twitter:data1\" content=\"jesusalcocer\" \/>\n\t<meta name=\"twitter:label2\" content=\"Tiempo de lectura\" \/>\n\t<meta name=\"twitter:data2\" content=\"1 minuto\" \/>\n<script type=\"application\/ld+json\" class=\"yoast-schema-graph\">{\"@context\":\"https:\/\/schema.org\",\"@graph\":[{\"@type\":\"Article\",\"@id\":\"https:\/\/danfer.es\/?p=149#article\",\"isPartOf\":{\"@id\":\"https:\/\/danfer.es\/?p=149\"},\"author\":{\"name\":\"jesusalcocer\",\"@id\":\"https:\/\/danfer.es\/#\/schema\/person\/9adee6b5582aec354b88799e428f5edf\"},\"headline\":\"Aaaaaa\",\"datePublished\":\"2020-08-15T18:50:18+00:00\",\"dateModified\":\"2020-08-15T18:57:43+00:00\",\"mainEntityOfPage\":{\"@id\":\"https:\/\/danfer.es\/?p=149\"},\"wordCount\":289,\"commentCount\":0,\"publisher\":{\"@id\":\"https:\/\/danfer.es\/#\/schema\/person\/9adee6b5582aec354b88799e428f5edf\"},\"image\":{\"@id\":\"https:\/\/danfer.es\/?p=149#primaryimage\"},\"thumbnailUrl\":\"https:\/\/danfer.es\/wp-content\/uploads\/2020\/08\/esculaCovid-scaled.jpg\",\"articleSection\":[\"General\"],\"inLanguage\":\"es\",\"potentialAction\":[{\"@type\":\"CommentAction\",\"name\":\"Comment\",\"target\":[\"https:\/\/danfer.es\/?p=149#respond\"]}]},{\"@type\":\"WebPage\",\"@id\":\"https:\/\/danfer.es\/?p=149\",\"url\":\"https:\/\/danfer.es\/?p=149\",\"name\":\"Aaaaaa - Danfer.Escuela Digital\",\"isPartOf\":{\"@id\":\"https:\/\/danfer.es\/#website\"},\"primaryImageOfPage\":{\"@id\":\"https:\/\/danfer.es\/?p=149#primaryimage\"},\"image\":{\"@id\":\"https:\/\/danfer.es\/?p=149#primaryimage\"},\"thumbnailUrl\":\"https:\/\/danfer.es\/wp-content\/uploads\/2020\/08\/esculaCovid-scaled.jpg\",\"datePublished\":\"2020-08-15T18:50:18+00:00\",\"dateModified\":\"2020-08-15T18:57:43+00:00\",\"breadcrumb\":{\"@id\":\"https:\/\/danfer.es\/?p=149#breadcrumb\"},\"inLanguage\":\"es\",\"potentialAction\":[{\"@type\":\"ReadAction\",\"target\":[\"https:\/\/danfer.es\/?p=149\"]}]},{\"@type\":\"ImageObject\",\"inLanguage\":\"es\",\"@id\":\"https:\/\/danfer.es\/?p=149#primaryimage\",\"url\":\"https:\/\/danfer.es\/wp-content\/uploads\/2020\/08\/esculaCovid-scaled.jpg\",\"contentUrl\":\"https:\/\/danfer.es\/wp-content\/uploads\/2020\/08\/esculaCovid-scaled.jpg\",\"width\":2560,\"height\":1920,\"caption\":\"school supplies with medical face mask blue background. Protection schoolchildren students covid-19 coronavirus, school education context pandemic. Flat layer, top view, layout, template, free space\"},{\"@type\":\"BreadcrumbList\",\"@id\":\"https:\/\/danfer.es\/?p=149#breadcrumb\",\"itemListElement\":[{\"@type\":\"ListItem\",\"position\":1,\"name\":\"Home\",\"item\":\"https:\/\/danfer.es\/\"},{\"@type\":\"ListItem\",\"position\":2,\"name\":\"Aaaaaa\"}]},{\"@type\":\"WebSite\",\"@id\":\"https:\/\/danfer.es\/#website\",\"url\":\"https:\/\/danfer.es\/\",\"name\":\"Danfer-Escuela Digital\",\"description\":\"Escuela Digital\",\"publisher\":{\"@id\":\"https:\/\/danfer.es\/#\/schema\/person\/9adee6b5582aec354b88799e428f5edf\"},\"potentialAction\":[{\"@type\":\"SearchAction\",\"target\":{\"@type\":\"EntryPoint\",\"urlTemplate\":\"https:\/\/danfer.es\/?s={search_term_string}\"},\"query-input\":{\"@type\":\"PropertyValueSpecification\",\"valueRequired\":true,\"valueName\":\"search_term_string\"}}],\"inLanguage\":\"es\"},{\"@type\":[\"Person\",\"Organization\"],\"@id\":\"https:\/\/danfer.es\/#\/schema\/person\/9adee6b5582aec354b88799e428f5edf\",\"name\":\"jesusalcocer\",\"image\":{\"@type\":\"ImageObject\",\"inLanguage\":\"es\",\"@id\":\"https:\/\/danfer.es\/#\/schema\/person\/image\/\",\"url\":\"https:\/\/secure.gravatar.com\/avatar\/2a74790fd2eafc2640d971e6c6a4c3eb444b49fa0ea5f6d6b7ff8a24dfbf2ca7?s=96&d=mm&r=g\",\"contentUrl\":\"https:\/\/secure.gravatar.com\/avatar\/2a74790fd2eafc2640d971e6c6a4c3eb444b49fa0ea5f6d6b7ff8a24dfbf2ca7?s=96&d=mm&r=g\",\"caption\":\"jesusalcocer\"},\"logo\":{\"@id\":\"https:\/\/danfer.es\/#\/schema\/person\/image\/\"},\"description\":\"Ingeniero T\u00e9cnico Industrial , Profesor de Secundaria y de Programaci\u00f3n en el Ciclo de Desarrollo de Aplicaciones en el CDP Jos\u00e9 Cabrera desde 1986.\",\"sameAs\":[\"https:\/\/danfer.es\"]}]}<\/script>\n<!-- \/ Yoast SEO plugin. -->","yoast_head_json":{"title":"Aaaaaa - Danfer.Escuela Digital","robots":{"index":"noindex","follow":"follow","max-snippet":"max-snippet:-1","max-image-preview":"max-image-preview:large","max-video-preview":"max-video-preview:-1"},"og_locale":"es_ES","og_type":"article","og_title":"Aaaaaa - Danfer.Escuela Digital","og_description":"[et_pb_section fb_built=\u00bb1&#8243; _builder_version=\u00bb4.5.6&#8243; _module_preset=\u00bbdefault\u00bb custom_padding=\u00bb8px||8px|||\u00bb min_height=\u00bb720px\u00bb][et_pb_row _builder_version=\u00bb4.5.6&#8243; _module_preset=\u00bbdefault\u00bb custom_padding=\u00bb15px|||||\u00bb][et_pb_column type=\u00bb4_4&#8243; _builder_version=\u00bb4.5.6&#8243; _module_preset=\u00bbdefault\u00bb][et_pb_text _builder_version=\u00bb4.5.6&#8243; _module_preset=\u00bbdefault\u00bb] Dicen que en las crisis aparecen nuevas oportunidades, a mi me ha servido para darme el empuj\u00f3n que necesitaba para tener mi propio blog; que espero que no sea s\u00f3lo m\u00edo sino que sea un espacio abierto\u00a0 de encuentro y colaboraci\u00f3n [&hellip;]","og_url":"https:\/\/danfer.es\/?p=149","og_site_name":"Danfer.Escuela Digital","article_published_time":"2020-08-15T18:50:18+00:00","article_modified_time":"2020-08-15T18:57:43+00:00","og_image":[{"width":2560,"height":1920,"url":"https:\/\/danfer.es\/wp-content\/uploads\/2020\/08\/esculaCovid-scaled.jpg","type":"image\/jpeg"}],"author":"jesusalcocer","twitter_card":"summary_large_image","twitter_misc":{"Escrito por":"jesusalcocer","Tiempo de lectura":"1 minuto"},"schema":{"@context":"https:\/\/schema.org","@graph":[{"@type":"Article","@id":"https:\/\/danfer.es\/?p=149#article","isPartOf":{"@id":"https:\/\/danfer.es\/?p=149"},"author":{"name":"jesusalcocer","@id":"https:\/\/danfer.es\/#\/schema\/person\/9adee6b5582aec354b88799e428f5edf"},"headline":"Aaaaaa","datePublished":"2020-08-15T18:50:18+00:00","dateModified":"2020-08-15T18:57:43+00:00","mainEntityOfPage":{"@id":"https:\/\/danfer.es\/?p=149"},"wordCount":289,"commentCount":0,"publisher":{"@id":"https:\/\/danfer.es\/#\/schema\/person\/9adee6b5582aec354b88799e428f5edf"},"image":{"@id":"https:\/\/danfer.es\/?p=149#primaryimage"},"thumbnailUrl":"https:\/\/danfer.es\/wp-content\/uploads\/2020\/08\/esculaCovid-scaled.jpg","articleSection":["General"],"inLanguage":"es","potentialAction":[{"@type":"CommentAction","name":"Comment","target":["https:\/\/danfer.es\/?p=149#respond"]}]},{"@type":"WebPage","@id":"https:\/\/danfer.es\/?p=149","url":"https:\/\/danfer.es\/?p=149","name":"Aaaaaa - Danfer.Escuela Digital","isPartOf":{"@id":"https:\/\/danfer.es\/#website"},"primaryImageOfPage":{"@id":"https:\/\/danfer.es\/?p=149#primaryimage"},"image":{"@id":"https:\/\/danfer.es\/?p=149#primaryimage"},"thumbnailUrl":"https:\/\/danfer.es\/wp-content\/uploads\/2020\/08\/esculaCovid-scaled.jpg","datePublished":"2020-08-15T18:50:18+00:00","dateModified":"2020-08-15T18:57:43+00:00","breadcrumb":{"@id":"https:\/\/danfer.es\/?p=149#breadcrumb"},"inLanguage":"es","potentialAction":[{"@type":"ReadAction","target":["https:\/\/danfer.es\/?p=149"]}]},{"@type":"ImageObject","inLanguage":"es","@id":"https:\/\/danfer.es\/?p=149#primaryimage","url":"https:\/\/danfer.es\/wp-content\/uploads\/2020\/08\/esculaCovid-scaled.jpg","contentUrl":"https:\/\/danfer.es\/wp-content\/uploads\/2020\/08\/esculaCovid-scaled.jpg","width":2560,"height":1920,"caption":"school supplies with medical face mask blue background. Protection schoolchildren students covid-19 coronavirus, school education context pandemic. Flat layer, top view, layout, template, free space"},{"@type":"BreadcrumbList","@id":"https:\/\/danfer.es\/?p=149#breadcrumb","itemListElement":[{"@type":"ListItem","position":1,"name":"Home","item":"https:\/\/danfer.es\/"},{"@type":"ListItem","position":2,"name":"Aaaaaa"}]},{"@type":"WebSite","@id":"https:\/\/danfer.es\/#website","url":"https:\/\/danfer.es\/","name":"Danfer-Escuela Digital","description":"Escuela Digital","publisher":{"@id":"https:\/\/danfer.es\/#\/schema\/person\/9adee6b5582aec354b88799e428f5edf"},"potentialAction":[{"@type":"SearchAction","target":{"@type":"EntryPoint","urlTemplate":"https:\/\/danfer.es\/?s={search_term_string}"},"query-input":{"@type":"PropertyValueSpecification","valueRequired":true,"valueName":"search_term_string"}}],"inLanguage":"es"},{"@type":["Person","Organization"],"@id":"https:\/\/danfer.es\/#\/schema\/person\/9adee6b5582aec354b88799e428f5edf","name":"jesusalcocer","image":{"@type":"ImageObject","inLanguage":"es","@id":"https:\/\/danfer.es\/#\/schema\/person\/image\/","url":"https:\/\/secure.gravatar.com\/avatar\/2a74790fd2eafc2640d971e6c6a4c3eb444b49fa0ea5f6d6b7ff8a24dfbf2ca7?s=96&d=mm&r=g","contentUrl":"https:\/\/secure.gravatar.com\/avatar\/2a74790fd2eafc2640d971e6c6a4c3eb444b49fa0ea5f6d6b7ff8a24dfbf2ca7?s=96&d=mm&r=g","caption":"jesusalcocer"},"logo":{"@id":"https:\/\/danfer.es\/#\/schema\/person\/image\/"},"description":"Ingeniero T\u00e9cnico Industrial , Profesor de Secundaria y de Programaci\u00f3n en el Ciclo de Desarrollo de Aplicaciones en el CDP Jos\u00e9 Cabrera desde 1986.","sameAs":["https:\/\/danfer.es"]}]}},"_links":{"self":[{"href":"https:\/\/danfer.es\/index.php?rest_route=\/wp\/v2\/posts\/149","targetHints":{"allow":["GET"]}}],"collection":[{"href":"https:\/\/danfer.es\/index.php?rest_route=\/wp\/v2\/posts"}],"about":[{"href":"https:\/\/danfer.es\/index.php?rest_route=\/wp\/v2\/types\/post"}],"author":[{"embeddable":true,"href":"https:\/\/danfer.es\/index.php?rest_route=\/wp\/v2\/users\/1"}],"replies":[{"embeddable":true,"href":"https:\/\/danfer.es\/index.php?rest_route=%2Fwp%2Fv2%2Fcomments&post=149"}],"version-history":[{"count":4,"href":"https:\/\/danfer.es\/index.php?rest_route=\/wp\/v2\/posts\/149\/revisions"}],"predecessor-version":[{"id":156,"href":"https:\/\/danfer.es\/index.php?rest_route=\/wp\/v2\/posts\/149\/revisions\/156"}],"wp:featuredmedia":[{"embeddable":true,"href":"https:\/\/danfer.es\/index.php?rest_route=\/wp\/v2\/media\/67"}],"wp:attachment":[{"href":"https:\/\/danfer.es\/index.php?rest_route=%2Fwp%2Fv2%2Fmedia&parent=149"}],"wp:term":[{"taxonomy":"category","embeddable":true,"href":"https:\/\/danfer.es\/index.php?rest_route=%2Fwp%2Fv2%2Fcategories&post=149"},{"taxonomy":"post_tag","embeddable":true,"href":"https:\/\/danfer.es\/index.php?rest_route=%2Fwp%2Fv2%2Ftags&post=149"}],"curies":[{"name":"wp","href":"https:\/\/api.w.org\/{rel}","templated":true}]}}